{"id":262,"date":"2023-02-20T09:57:00","date_gmt":"2023-02-20T15:57:00","guid":{"rendered":"https:\/\/scape.mx\/blog\/?p=262"},"modified":"2023-03-07T10:07:10","modified_gmt":"2023-03-07T16:07:10","slug":"autocuidado-que-es-y-por-que-es-importante","status":"publish","type":"post","link":"https:\/\/scape.mx\/blog\/2023\/02\/20\/autocuidado-que-es-y-por-que-es-importante\/","title":{"rendered":"\u00bfQu\u00e9 es el autocuidado y por qu\u00e9 es importante?"},"content":{"rendered":"\n<p><strong>Por: <em>Terapify<\/em><\/strong><\/p>\n\n\n\n<blockquote class=\"wp-block-quote is-layout-flow wp-block-quote-is-layout-flow\">\n<p>Seg\u00fan la <strong>Organizaci\u00f3n Mundial de la Salud<\/strong> el autocuidado es: \u00abla capacidad de las personas, familias y comunidades para <strong>promover la salud, prevenir enfermedades, mantener la salud y hacer frente a enfermedades y discapacidades<\/strong> con o sin el apoyo de un proveedor de atenci\u00f3n m\u00e9dica.\u201d<\/p>\n<\/blockquote>\n\n\n\n<p>Es decir, es el conjunto de actividades en las que uno se involucra que tienen como objetivo cuidar de uno en distintas \u00e1reas de nuestra vida. As\u00ed, atendemos nuestras necesidades y es una gran forma de hacerle frente a los factores estresantes del d\u00eda a d\u00eda.<\/p>\n\n\n\n<p>El autocuidado comienza con el reconocimiento de que nosotros somos los responsables de nuestro propio bienestar. Por eso, implica preguntarnos \u00bfqu\u00e9 necesito? y darnos una respuesta honesta para realmente poder atender lo que necesitamos en determinado momento. Significa tomar medidas para cuidar de nosotros mismos y de nuestras necesidades f\u00edsicas, emocionales, sociales, financieras y espirituales, y que estas actividades vayan en armon\u00eda con nuestros valores y creencias.<\/p>\n\n\n\n<p>Si te gustar\u00eda aprender m\u00e1s sobre el autocuidado, qu\u00e9 tipos existen, porqu\u00e9 es tan importante y c\u00f3mo empezar. \u00a1Sigue leyendo!<\/p>\n\n\n\n<h2 class=\"wp-block-heading\">\u00bfQu\u00e9 tipos de autocuidado existen?<\/h2>\n\n\n\n<p>Somos seres bio-psico-socio-espirituales, es decir, tenemos diferentes esferas o \u00e1reas<br>que atender y cuidar.<\/p>\n\n\n\n<p>Aqu\u00ed te compartimos algunas ideas de actividades que puedes realizar para cuidar cada<br>aspecto:<\/p>\n\n\n\n<p><strong>Autocuidado emocional o psicol\u00f3gico<\/strong><\/p>\n\n\n\n<p><br>Cuando se trata de nuestra salud emocional, es esencial aprender a conectar con nuestras<br>emociones. Esto implica saber reconocerlas, aceptarlas y regularlas de una forma efectiva. Algunas actividades que pueden ayudarnos a cuidar de este aspecto son:<\/p>\n\n\n\n<ul class=\"wp-block-list\">\n<li>Practicar introspecci\u00f3n: regalarnos un tiempo para reflexionar y ser honestos con aquello que s\u00ed funciona y aquello que ya no funciona en nuestra vida.<\/li>\n\n\n\n<li>Conversar con un psic\u00f3logo que nos permita construir una relaci\u00f3n m\u00e1s sana con<br>nuestras emociones y vivencias.<\/li>\n\n\n\n<li>Realizar hobbies o actividades que disfrutemos.<\/li>\n\n\n\n<li>Encontrar formas para expresar nuestras emociones: pintar, bailar, escribir, cantar,<br>meditar.<\/li>\n\n\n\n<li>Aprender a aceptar aquellas cosas o situaciones que escapen de nuestro control.<\/li>\n\n\n\n<li>Aceptar y expresar nuestras emociones de manera asertiva o saludable.<\/li>\n\n\n\n<li>Reconocer nuestras fortalezas y logros.<\/li>\n\n\n\n<li>Aprender a poner l\u00edmites en distintas \u00e1reas de nuestra vida.<\/li>\n\n\n\n<li>Ser amables y compasivos con nosotros mismos, en especial cuando cometemos errores.<\/li>\n<\/ul>\n\n\n\n<p><br><strong>Autocuidado f\u00edsico<\/strong><\/p>\n\n\n\n<p><br>Se trata de atender a nuestro cuerpo f\u00edsico. Es importante saber escuchar a nuestro cuerpo,<br>no sobre-exigirlo y darle el cuidado que necesita. Algunas actividades que pueden ayudarnos a cuidar de este aspecto son:<\/p>\n\n\n\n<ul class=\"wp-block-list\">\n<li>El descanso: dormir de 6 a 8 horas diarias.<\/li>\n\n\n\n<li>Realizar actividad f\u00edsica.<\/li>\n\n\n\n<li>Mantener una dieta balanceada.<\/li>\n\n\n\n<li>Cuidar la higiene personal.<\/li>\n\n\n\n<li>Descansar al estar cansados o enfermos.<\/li>\n\n\n\n<li>Tener espacios para actividades de ocio y recreaci\u00f3n.<\/li>\n\n\n\n<li>Tomar descansos breves entre una actividad y otra.<\/li>\n\n\n\n<li>Hidratarnos con frecuencia.<\/li>\n\n\n\n<li>Organizarnos para reducir situaciones de estr\u00e9s.<\/li>\n\n\n\n<li>Hacernos chequeos m\u00e9dicos preventivos.<\/li>\n\n\n\n<li>Utilizar ropa que nos haga sentir c\u00f3modos.<\/li>\n<\/ul>\n\n\n\n<p><br><strong>Autocuidado intelectual o de crecimiento<\/strong><\/p>\n\n\n\n<p>As\u00ed como ejercitamos nuestro cuerpo tambi\u00e9n es esencial hacerlo con nuestra mente. Para<br>estimular el pensamiento cr\u00edtico y la creatividad podemos realizar las siguientes actividades:<\/p>\n\n\n\n<ul class=\"wp-block-list\">\n<li>Leer un libro, escuchar un podcast, hacer un rompecabezas, un crucigrama o<\/li>\n\n\n\n<li>sudoku.<\/li>\n\n\n\n<li>Escribir, dibujar o tocar un instrumento musical.<\/li>\n\n\n\n<li>Atrevernos a probar cosas nuevas, desde alimentos hasta actividades.<\/li>\n\n\n\n<li>Aprender un nuevo idioma o meternos a alg\u00fan curso de nuestro inter\u00e9s.<\/li>\n\n\n\n<li>Comenzar un proyecto manual, como tejido, costura o manualidades.<\/li>\n\n\n\n<li>Aprender a hacer algo nuevo, como usar un programa de computador o tomar<\/li>\n\n\n\n<li>mejores fotos.<\/li>\n<\/ul>\n\n\n\n<p><br><strong>Autocuidado espiritual<\/strong><\/p>\n\n\n\n<p>El autocuidado espiritual consiste en conectar con nuestros valores y lo que realmente es<br>importante para nosotros. No esta necesariamente alineado a una religi\u00f3n o creencia, se<br>trata de reflexionar sobre qui\u00e9n somos y lo que deseamos para nuestras vidas. Algunas<br>ideas de actividades son:<\/p>\n\n\n\n<ul class=\"wp-block-list\">\n<li>Pasar tiempo en la naturaleza y vivir en armon\u00eda con el entorno.<\/li>\n\n\n\n<li>Conectar con nuestros valores.<\/li>\n\n\n\n<li>Meditar, rezar o conectar con nuestras creencias.<\/li>\n\n\n\n<li>Reconocer qu\u00e9 cosas, actividades o situaciones le dan sentido a nuestra vida.<\/li>\n\n\n\n<li>Poner como prioridad nuestra paz interior, practicar la compasi\u00f3n y gratitud.<\/li>\n\n\n\n<li>Participar en causas o movimientos que son importantes para nosotros o ser parte<br>de una comunidad que comparta nuestras creencias.<\/li>\n\n\n\n<li>Estar abierto\/a al cambio y las distintas posibilidades que se presenten.<\/li>\n\n\n\n<li>Ser agente de cambio, ense\u00f1ar o compartir lecciones que le puedan servir a los<br>dem\u00e1s.<\/li>\n<\/ul>\n\n\n\n<p><br><strong>Autocuidado social<\/strong><\/p>\n\n\n\n<p>La importancia de la amistad es indispensable para construir una vida con bienestar. No se<br>trata solo de hacer cosas con otros por el simple hecho de hacerlo, sino de elegir compartir<br>con personas que nos sumen y nos acerquen a nuestra mejor versi\u00f3n. Algunas actividades<br>que pueden ayudar son las siguientes:<\/p>\n\n\n\n<ul class=\"wp-block-list\">\n<li>Salir con amigos o conectarnos con los que est\u00e1n lejos.<\/li>\n\n\n\n<li>Unirnos a un grupo de personas que compartan nuestros intereses.<\/li>\n\n\n\n<li>Dejar de socializar con aquellos que no nos hacen bien.<\/li>\n\n\n\n<li>Pedir ayuda cuando la necesitemos y darla cuando nos la pidan.<\/li>\n\n\n\n<li>Tener tiempo de intimidad con nuestra pareja.<\/li>\n<\/ul>\n\n\n\n<p><br>Como ves hay muchas formas de cuidar de nosotros, el autocuidado siempre se ver\u00e1<br>distinto en cada persona porque hay herramientas que disfrutamos m\u00e1s o nos sirven mejor<br>a unos y a otros no. Por eso, es importante animarnos a probarlas y reconocer qu\u00e9<br>actividades s\u00ed nos ayudan a cuidar de nosotros y c\u00f3mo incorporarlas en nuestro d\u00eda a d\u00eda.<\/p>\n\n\n\n<h2 class=\"wp-block-heading\"><br>\u00bfPor qu\u00e9 es importante practicar el autocuidado?<\/h2>\n\n\n\n<p><br>Porque nos permite construir una vida con mayor bienestar, nos permite estar saludables, presentes, y conectados con lo que valoramos. Practicar el autocuidado significa cada d\u00eda elegir esas actividades que se alinean a lo que necesitamos y queremos y no a lo que \u201ctoca\u201d o \u201cdeber\u00edamos\u201d. Adem\u00e1s,practicar el autocuidado con regularidad, nos brinda beneficios como relaciones m\u00e1s saludables, mejoras en el sistema inmune, aumento de la productividad, autoestima, energ\u00eda y m\u00e1s. Cuidar de ti es una cuesti\u00f3n de buenos h\u00e1bitos, y por lo tanto, entre m\u00e1s los practiques, m\u00e1s f\u00e1cil ser\u00e1 integrarlos a tu vida.<\/p>\n\n\n\n<h2 class=\"wp-block-heading\"><br>\u00bfC\u00f3mo empezar?<\/h2>\n\n\n\n<p><br>Lo m\u00e1s importante es empezar poco a poco. La mejor forma de instaurar h\u00e1bitos es<br>integrarlos en el d\u00eda a d\u00eda un paso a la vez.<\/p>\n\n\n\n<ol class=\"wp-block-list\">\n<li><strong>Reflexiona: <\/strong>\u00bfQu\u00e9 actividades realizas para cuidar de ti? \u00bfQu\u00e9 \u00e1reas est\u00e1n menos<br>atendidas? \u00bfQu\u00e9 actividades puedes empezar a realizar?<\/li>\n\n\n\n<li><strong>\u00a1Ag\u00e9ndalo! <\/strong>Anota en tu calendario las actividades que quieres empezar a<br>incorporar, puedes empezar por 1 o 2 a la semana y que no te tomen m\u00e1s de 5 o 10<br>minutos.<\/li>\n\n\n\n<li><strong>P\u00f3ntela f\u00e1cil: <\/strong>Puedes agregar alarmas o recordatorios que te ayuden a no olvidar esa actividad, recuerda, no tiene que tomarte demasiado tiempo. Si la actividad requiere de alg\u00fan material o de algo especial, tenlo a la mano, esto har\u00e1 que existen menos obst\u00e1culos para empezar.<\/li>\n\n\n\n<li><strong>Involucra a tus amigos: <\/strong>Hacer actividades con otras personas o tener una meta en<br>com\u00fan nos ayuda a motivarnos y estar acompa\u00f1ados.<\/li>\n\n\n\n<li><strong>\u00a1Rep\u00edtelo! <\/strong>Recuerda, los h\u00e1bitos se integran a la vida un d\u00eda a la vez, mientras m\u00e1s<br>veces realices esa actividad m\u00e1s f\u00e1cil ser\u00e1 que forme parte de tus d\u00edas.<\/li>\n<\/ol>\n\n\n\n<p>\u00a1Importante! Si est\u00e1s leyendo este art\u00edculo y te es dif\u00edcil pensar en incorporar el autocuidado por distintas razones (ya lo intentaste y no funcion\u00f3, no tienes la energ\u00eda o ganas suficiente para hacerlo, entre otras). Puede que existan ciertas barreras para cuidar de ti, que puede ser por experiencias dif\u00edciles del pasado, problemas de salud mental o situaciones familiares que pueden dificultar el empezar. Por eso, si te est\u00e1 costando cuidar de ti, date un espacio para hablar con una psic\u00f3loga online y entender qu\u00e9 est\u00e1 pasando y qu\u00e9 puedes hacer para empezar a cuidar de ti.<\/p>\n\n\n\n<p><\/p>\n\n\n\n<p><strong>Referencias<\/strong><br><em>Lawler, M, (2021). What Is Self-Care and Why Is It So Important for Your Health?<br>Recuperado de: https:\/\/www.everydayhealth.com\/self-care\/<br>Mind (2017). Mental health problems \u2013 an introduction. <\/em><\/p>\n\n\n\n<p><em>National Institute of Mental Health (2022). Caring for Your Mental Health. Recuperado de:<br>https:\/\/www.nimh.nih.gov\/health\/topics\/caring-for-your-mental-health#:~:text=Self-care<br>means taking the,illness%2C and increase your energy.<\/em><\/p>\n<!-- AddThis Advanced Settings generic via filter on the_content --><!-- AddThis Share Buttons generic via filter on the_content -->","protected":false},"excerpt":{"rendered":"<p>Por: Terapify Seg\u00fan la Organizaci\u00f3n Mundial de la Salud el &hellip; <!-- AddThis Advanced Settings generic via filter on get_the_excerpt --><!-- AddThis Share Buttons generic via filter on get_the_excerpt --><\/p>\n","protected":false},"author":2,"featured_media":265,"comment_status":"open","ping_status":"open","sticky":false,"template":"","format":"standard","meta":{"footnotes":""},"categories":[1],"tags":[],"class_list":["post-262","post","type-post","status-publish","format-standard","has-post-thumbnail","hentry","category-wellness"],"yoast_head":"<!-- This site is optimized with the Yoast SEO plugin v19.7.1 - https:\/\/yoast.com\/wordpress\/plugins\/seo\/ -->\n<title>Autocuidado: \u00bfqu\u00e9 es el autocuidado y por qu\u00e9 es importante?<\/title>\n<meta name=\"description\" content=\"El autocuidado es el conjunto de actividades en las que uno se involucra que tienen como objetivo cuidar de uno en distintas \u00e1reas de nuestra vida.\" \/>\n<meta name=\"robots\" content=\"index, follow, max-snippet:-1, max-image-preview:large, max-video-preview:-1\" \/>\n<link rel=\"canonical\" href=\"https:\/\/scape.mx\/blog\/2023\/02\/20\/autocuidado-que-es-y-por-que-es-importante\/\" \/>\n<meta property=\"og:locale\" content=\"es_ES\" \/>\n<meta property=\"og:type\" content=\"article\" \/>\n<meta property=\"og:title\" content=\"Autocuidado: \u00bfqu\u00e9 es el autocuidado y por qu\u00e9 es importante?\" \/>\n<meta property=\"og:description\" content=\"El autocuidado es el conjunto de actividades en las que uno se involucra que tienen como objetivo cuidar de uno en distintas \u00e1reas de nuestra vida.\" \/>\n<meta property=\"og:url\" content=\"https:\/\/scape.mx\/blog\/2023\/02\/20\/autocuidado-que-es-y-por-que-es-importante\/\" \/>\n<meta property=\"og:site_name\" content=\"The business of wellness\" \/>\n<meta property=\"article:publisher\" content=\"https:\/\/www.facebook.com\/ScapeMasajesMX\/\" \/>\n<meta property=\"article:published_time\" content=\"2023-02-20T15:57:00+00:00\" \/>\n<meta property=\"article:modified_time\" content=\"2023-03-07T16:07:10+00:00\" \/>\n<meta property=\"og:image\" content=\"https:\/\/scape.mx\/blog\/wp-content\/uploads\/2023\/03\/Captura-de-pantalla-2023-03-07-a-las-09.59.07.png\" \/>\n\t<meta property=\"og:image:width\" content=\"954\" \/>\n\t<meta property=\"og:image:height\" content=\"1086\" \/>\n\t<meta property=\"og:image:type\" content=\"image\/png\" \/>\n<meta name=\"author\" content=\"Karla Gonz\u00e1lez\" \/>\n<meta name=\"twitter:card\" content=\"summary_large_image\" \/>\n<meta name=\"twitter:label1\" content=\"Escrito por\" \/>\n\t<meta name=\"twitter:data1\" content=\"Karla Gonz\u00e1lez\" \/>\n\t<meta name=\"twitter:label2\" content=\"Tiempo de lectura\" \/>\n\t<meta name=\"twitter:data2\" content=\"6 minutos\" \/>\n<script type=\"application\/ld+json\" class=\"yoast-schema-graph\">{\"@context\":\"https:\/\/schema.org\",\"@graph\":[{\"@type\":\"Article\",\"@id\":\"https:\/\/scape.mx\/blog\/2023\/02\/20\/autocuidado-que-es-y-por-que-es-importante\/#article\",\"isPartOf\":{\"@id\":\"https:\/\/scape.mx\/blog\/2023\/02\/20\/autocuidado-que-es-y-por-que-es-importante\/\"},\"author\":{\"name\":\"Karla Gonz\u00e1lez\",\"@id\":\"https:\/\/scape.mx\/blog\/#\/schema\/person\/ce775acf0963e2d95f439df3972e13a8\"},\"headline\":\"\u00bfQu\u00e9 es el autocuidado y por qu\u00e9 es importante?\",\"datePublished\":\"2023-02-20T15:57:00+00:00\",\"dateModified\":\"2023-03-07T16:07:10+00:00\",\"mainEntityOfPage\":{\"@id\":\"https:\/\/scape.mx\/blog\/2023\/02\/20\/autocuidado-que-es-y-por-que-es-importante\/\"},\"wordCount\":1350,\"commentCount\":0,\"publisher\":{\"@id\":\"https:\/\/scape.mx\/blog\/#organization\"},\"articleSection\":[\"Wellness\"],\"inLanguage\":\"es\",\"potentialAction\":[{\"@type\":\"CommentAction\",\"name\":\"Comment\",\"target\":[\"https:\/\/scape.mx\/blog\/2023\/02\/20\/autocuidado-que-es-y-por-que-es-importante\/#respond\"]}]},{\"@type\":\"WebPage\",\"@id\":\"https:\/\/scape.mx\/blog\/2023\/02\/20\/autocuidado-que-es-y-por-que-es-importante\/\",\"url\":\"https:\/\/scape.mx\/blog\/2023\/02\/20\/autocuidado-que-es-y-por-que-es-importante\/\",\"name\":\"Autocuidado: \u00bfqu\u00e9 es el autocuidado y por qu\u00e9 es importante?\",\"isPartOf\":{\"@id\":\"https:\/\/scape.mx\/blog\/#website\"},\"datePublished\":\"2023-02-20T15:57:00+00:00\",\"dateModified\":\"2023-03-07T16:07:10+00:00\",\"description\":\"El autocuidado es el conjunto de actividades en las que uno se involucra que tienen como objetivo cuidar de uno en distintas \u00e1reas de nuestra vida.\",\"breadcrumb\":{\"@id\":\"https:\/\/scape.mx\/blog\/2023\/02\/20\/autocuidado-que-es-y-por-que-es-importante\/#breadcrumb\"},\"inLanguage\":\"es\",\"potentialAction\":[{\"@type\":\"ReadAction\",\"target\":[\"https:\/\/scape.mx\/blog\/2023\/02\/20\/autocuidado-que-es-y-por-que-es-importante\/\"]}]},{\"@type\":\"BreadcrumbList\",\"@id\":\"https:\/\/scape.mx\/blog\/2023\/02\/20\/autocuidado-que-es-y-por-que-es-importante\/#breadcrumb\",\"itemListElement\":[{\"@type\":\"ListItem\",\"position\":1,\"name\":\"Portada\",\"item\":\"https:\/\/scape.mx\/blog\/\"},{\"@type\":\"ListItem\",\"position\":2,\"name\":\"\u00bfQu\u00e9 es el autocuidado y por qu\u00e9 es importante?\"}]},{\"@type\":\"WebSite\",\"@id\":\"https:\/\/scape.mx\/blog\/#website\",\"url\":\"https:\/\/scape.mx\/blog\/\",\"name\":\"The business of wellness\",\"description\":\"\",\"publisher\":{\"@id\":\"https:\/\/scape.mx\/blog\/#organization\"},\"potentialAction\":[{\"@type\":\"SearchAction\",\"target\":{\"@type\":\"EntryPoint\",\"urlTemplate\":\"https:\/\/scape.mx\/blog\/?s={search_term_string}\"},\"query-input\":\"required name=search_term_string\"}],\"inLanguage\":\"es\"},{\"@type\":\"Organization\",\"@id\":\"https:\/\/scape.mx\/blog\/#organization\",\"name\":\"Scape Wellness News\",\"url\":\"https:\/\/scape.mx\/blog\/\",\"sameAs\":[\"https:\/\/www.instagram.com\/scapemx\/\",\"https:\/\/www.facebook.com\/ScapeMasajesMX\/\"],\"logo\":{\"@type\":\"ImageObject\",\"inLanguage\":\"es\",\"@id\":\"https:\/\/scape.mx\/blog\/#\/schema\/logo\/image\/\",\"url\":\"https:\/\/scape.mx\/blog\/wp-content\/uploads\/2022\/06\/cropped-Scape_wellness_news_logo-3.png\",\"contentUrl\":\"https:\/\/scape.mx\/blog\/wp-content\/uploads\/2022\/06\/cropped-Scape_wellness_news_logo-3.png\",\"width\":526,\"height\":345,\"caption\":\"Scape Wellness News\"},\"image\":{\"@id\":\"https:\/\/scape.mx\/blog\/#\/schema\/logo\/image\/\"}},{\"@type\":\"Person\",\"@id\":\"https:\/\/scape.mx\/blog\/#\/schema\/person\/ce775acf0963e2d95f439df3972e13a8\",\"name\":\"Karla Gonz\u00e1lez\",\"image\":{\"@type\":\"ImageObject\",\"inLanguage\":\"es\",\"@id\":\"https:\/\/scape.mx\/blog\/#\/schema\/person\/image\/\",\"url\":\"https:\/\/secure.gravatar.com\/avatar\/d469975cf9438dff08309090ed92b62b6a423c0bd7ba020b35eb7e7d76515c26?s=96&d=mm&r=g\",\"contentUrl\":\"https:\/\/secure.gravatar.com\/avatar\/d469975cf9438dff08309090ed92b62b6a423c0bd7ba020b35eb7e7d76515c26?s=96&d=mm&r=g\",\"caption\":\"Karla Gonz\u00e1lez\"},\"url\":\"https:\/\/scape.mx\/blog\/author\/karla-gonzalez\/\"}]}<\/script>\n<!-- \/ Yoast SEO plugin. -->","yoast_head_json":{"title":"Autocuidado: \u00bfqu\u00e9 es el autocuidado y por qu\u00e9 es importante?","description":"El autocuidado es el conjunto de actividades en las que uno se involucra que tienen como objetivo cuidar de uno en distintas \u00e1reas de nuestra vida.","robots":{"index":"index","follow":"follow","max-snippet":"max-snippet:-1","max-image-preview":"max-image-preview:large","max-video-preview":"max-video-preview:-1"},"canonical":"https:\/\/scape.mx\/blog\/2023\/02\/20\/autocuidado-que-es-y-por-que-es-importante\/","og_locale":"es_ES","og_type":"article","og_title":"Autocuidado: \u00bfqu\u00e9 es el autocuidado y por qu\u00e9 es importante?","og_description":"El autocuidado es el conjunto de actividades en las que uno se involucra que tienen como objetivo cuidar de uno en distintas \u00e1reas de nuestra vida.","og_url":"https:\/\/scape.mx\/blog\/2023\/02\/20\/autocuidado-que-es-y-por-que-es-importante\/","og_site_name":"The business of wellness","article_publisher":"https:\/\/www.facebook.com\/ScapeMasajesMX\/","article_published_time":"2023-02-20T15:57:00+00:00","article_modified_time":"2023-03-07T16:07:10+00:00","og_image":[{"width":954,"height":1086,"url":"https:\/\/scape.mx\/blog\/wp-content\/uploads\/2023\/03\/Captura-de-pantalla-2023-03-07-a-las-09.59.07.png","type":"image\/png"}],"author":"Karla Gonz\u00e1lez","twitter_card":"summary_large_image","twitter_misc":{"Escrito por":"Karla Gonz\u00e1lez","Tiempo de lectura":"6 minutos"},"schema":{"@context":"https:\/\/schema.org","@graph":[{"@type":"Article","@id":"https:\/\/scape.mx\/blog\/2023\/02\/20\/autocuidado-que-es-y-por-que-es-importante\/#article","isPartOf":{"@id":"https:\/\/scape.mx\/blog\/2023\/02\/20\/autocuidado-que-es-y-por-que-es-importante\/"},"author":{"name":"Karla Gonz\u00e1lez","@id":"https:\/\/scape.mx\/blog\/#\/schema\/person\/ce775acf0963e2d95f439df3972e13a8"},"headline":"\u00bfQu\u00e9 es el autocuidado y por qu\u00e9 es importante?","datePublished":"2023-02-20T15:57:00+00:00","dateModified":"2023-03-07T16:07:10+00:00","mainEntityOfPage":{"@id":"https:\/\/scape.mx\/blog\/2023\/02\/20\/autocuidado-que-es-y-por-que-es-importante\/"},"wordCount":1350,"commentCount":0,"publisher":{"@id":"https:\/\/scape.mx\/blog\/#organization"},"articleSection":["Wellness"],"inLanguage":"es","potentialAction":[{"@type":"CommentAction","name":"Comment","target":["https:\/\/scape.mx\/blog\/2023\/02\/20\/autocuidado-que-es-y-por-que-es-importante\/#respond"]}]},{"@type":"WebPage","@id":"https:\/\/scape.mx\/blog\/2023\/02\/20\/autocuidado-que-es-y-por-que-es-importante\/","url":"https:\/\/scape.mx\/blog\/2023\/02\/20\/autocuidado-que-es-y-por-que-es-importante\/","name":"Autocuidado: \u00bfqu\u00e9 es el autocuidado y por qu\u00e9 es importante?","isPartOf":{"@id":"https:\/\/scape.mx\/blog\/#website"},"datePublished":"2023-02-20T15:57:00+00:00","dateModified":"2023-03-07T16:07:10+00:00","description":"El autocuidado es el conjunto de actividades en las que uno se involucra que tienen como objetivo cuidar de uno en distintas \u00e1reas de nuestra vida.","breadcrumb":{"@id":"https:\/\/scape.mx\/blog\/2023\/02\/20\/autocuidado-que-es-y-por-que-es-importante\/#breadcrumb"},"inLanguage":"es","potentialAction":[{"@type":"ReadAction","target":["https:\/\/scape.mx\/blog\/2023\/02\/20\/autocuidado-que-es-y-por-que-es-importante\/"]}]},{"@type":"BreadcrumbList","@id":"https:\/\/scape.mx\/blog\/2023\/02\/20\/autocuidado-que-es-y-por-que-es-importante\/#breadcrumb","itemListElement":[{"@type":"ListItem","position":1,"name":"Portada","item":"https:\/\/scape.mx\/blog\/"},{"@type":"ListItem","position":2,"name":"\u00bfQu\u00e9 es el autocuidado y por qu\u00e9 es importante?"}]},{"@type":"WebSite","@id":"https:\/\/scape.mx\/blog\/#website","url":"https:\/\/scape.mx\/blog\/","name":"The business of wellness","description":"","publisher":{"@id":"https:\/\/scape.mx\/blog\/#organization"},"potentialAction":[{"@type":"SearchAction","target":{"@type":"EntryPoint","urlTemplate":"https:\/\/scape.mx\/blog\/?s={search_term_string}"},"query-input":"required name=search_term_string"}],"inLanguage":"es"},{"@type":"Organization","@id":"https:\/\/scape.mx\/blog\/#organization","name":"Scape Wellness News","url":"https:\/\/scape.mx\/blog\/","sameAs":["https:\/\/www.instagram.com\/scapemx\/","https:\/\/www.facebook.com\/ScapeMasajesMX\/"],"logo":{"@type":"ImageObject","inLanguage":"es","@id":"https:\/\/scape.mx\/blog\/#\/schema\/logo\/image\/","url":"https:\/\/scape.mx\/blog\/wp-content\/uploads\/2022\/06\/cropped-Scape_wellness_news_logo-3.png","contentUrl":"https:\/\/scape.mx\/blog\/wp-content\/uploads\/2022\/06\/cropped-Scape_wellness_news_logo-3.png","width":526,"height":345,"caption":"Scape Wellness News"},"image":{"@id":"https:\/\/scape.mx\/blog\/#\/schema\/logo\/image\/"}},{"@type":"Person","@id":"https:\/\/scape.mx\/blog\/#\/schema\/person\/ce775acf0963e2d95f439df3972e13a8","name":"Karla Gonz\u00e1lez","image":{"@type":"ImageObject","inLanguage":"es","@id":"https:\/\/scape.mx\/blog\/#\/schema\/person\/image\/","url":"https:\/\/secure.gravatar.com\/avatar\/d469975cf9438dff08309090ed92b62b6a423c0bd7ba020b35eb7e7d76515c26?s=96&d=mm&r=g","contentUrl":"https:\/\/secure.gravatar.com\/avatar\/d469975cf9438dff08309090ed92b62b6a423c0bd7ba020b35eb7e7d76515c26?s=96&d=mm&r=g","caption":"Karla Gonz\u00e1lez"},"url":"https:\/\/scape.mx\/blog\/author\/karla-gonzalez\/"}]}},"_links":{"self":[{"href":"https:\/\/scape.mx\/blog\/wp-json\/wp\/v2\/posts\/262","targetHints":{"allow":["GET"]}}],"collection":[{"href":"https:\/\/scape.mx\/blog\/wp-json\/wp\/v2\/posts"}],"about":[{"href":"https:\/\/scape.mx\/blog\/wp-json\/wp\/v2\/types\/post"}],"author":[{"embeddable":true,"href":"https:\/\/scape.mx\/blog\/wp-json\/wp\/v2\/users\/2"}],"replies":[{"embeddable":true,"href":"https:\/\/scape.mx\/blog\/wp-json\/wp\/v2\/comments?post=262"}],"version-history":[{"count":6,"href":"https:\/\/scape.mx\/blog\/wp-json\/wp\/v2\/posts\/262\/revisions"}],"predecessor-version":[{"id":271,"href":"https:\/\/scape.mx\/blog\/wp-json\/wp\/v2\/posts\/262\/revisions\/271"}],"wp:featuredmedia":[{"embeddable":true,"href":"https:\/\/scape.mx\/blog\/wp-json\/wp\/v2\/media\/265"}],"wp:attachment":[{"href":"https:\/\/scape.mx\/blog\/wp-json\/wp\/v2\/media?parent=262"}],"wp:term":[{"taxonomy":"category","embeddable":true,"href":"https:\/\/scape.mx\/blog\/wp-json\/wp\/v2\/categories?post=262"},{"taxonomy":"post_tag","embeddable":true,"href":"https:\/\/scape.mx\/blog\/wp-json\/wp\/v2\/tags?post=262"}],"curies":[{"name":"wp","href":"https:\/\/api.w.org\/{rel}","templated":true}]}}