{"id":33,"date":"2022-06-09T13:52:04","date_gmt":"2022-06-09T19:52:04","guid":{"rendered":"https:\/\/scape.mx\/blog\/?p=33"},"modified":"2022-10-05T14:13:28","modified_gmt":"2022-10-05T20:13:28","slug":"salud-mental-importancia-en-personas-economia","status":"publish","type":"post","link":"https:\/\/scape.mx\/blog\/2022\/06\/09\/salud-mental-importancia-en-personas-economia\/","title":{"rendered":"\u00bfPor qu\u00e9 el cuidado de la salud mental es importante para el crecimiento econ\u00f3mico de M\u00e9xico?"},"content":{"rendered":"\n<ul class=\"wp-block-social-links has-normal-icon-size has-icon-color is-style-logos-only is-layout-flex wp-block-social-links-is-layout-flex\"><li style=\"color:#000000;\" class=\"wp-social-link wp-social-link-chain has-black-color wp-block-social-link\"><a href=\"https:\/\/scapelifestyle.com\/blogs\/todas-las-entradas\/te-sientes-cansada-todo-el-tiempo-como-romper-el-ciclo-de-fatiga\" class=\"wp-block-social-link-anchor\"><svg width=\"24\" height=\"24\" viewBox=\"0 0 24 24\" version=\"1.1\" xmlns=\"http:\/\/www.w3.org\/2000\/svg\" aria-hidden=\"true\" focusable=\"false\"><path d=\"M15.6,7.2H14v1.5h1.6c2,0,3.7,1.7,3.7,3.7s-1.7,3.7-3.7,3.7H14v1.5h1.6c2.8,0,5.2-2.3,5.2-5.2,0-2.9-2.3-5.2-5.2-5.2zM4.7,12.4c0-2,1.7-3.7,3.7-3.7H10V7.2H8.4c-2.9,0-5.2,2.3-5.2,5.2,0,2.9,2.3,5.2,5.2,5.2H10v-1.5H8.4c-2,0-3.7-1.7-3.7-3.7zm4.6.9h5.3v-1.5H9.3v1.5z\"><\/path><\/svg><span class=\"wp-block-social-link-label screen-reader-text\">Enlace<\/span><\/a><\/li><\/ul>\n\n\n\n<h2 class=\"has-text-color wp-block-heading\" style=\"color:#9d9c9c\">&nbsp;El cuidado de la salud mental salva personas&#8230; y a la econom\u00eda&nbsp;<\/h2>\n\n\n\n<div style=\"height:7px\" aria-hidden=\"true\" class=\"wp-block-spacer\"><\/div>\n\n\n\n<figure class=\"wp-block-pullquote has-text-align-left has-small-font-size\" style=\"border-radius:0px;font-style:normal;font-weight:400\"><blockquote><p>El 39.4 por ciento asegur\u00f3 sentirse estresado, 20.8 por ciento angustiado y 15.3 por ciento padeci\u00f3 alg\u00fan tipo de <strong>depresi\u00f3n<\/strong>.<\/p><cite>Observatorio Mexicano de Salud Mental<\/cite><\/blockquote><\/figure>\n\n\n\n<p>La b\u00fasqueda del bienestar personal motiv\u00f3 a las y los mexicanos a conseguir alternativas para enfrentar los cambios que vivieron a ra\u00edz de la crisis sanitaria.&nbsp;<\/p>\n\n\n\n<p>De cara a esta situaci\u00f3n, el segmento del <b>cuidado personal<\/b> vio una oportunidad para consolidar su presencia dentro del gusto de los consumidores y atraer a nuevos, gracias a las adecuaciones que realizaron los participantes del mercado.<\/p>\n\n\n\n<p>Con la reapertura de actividades en el pa\u00eds, el sector se <b>apoy\u00f3 de la tecnolog\u00eda<\/b> para llevar experiencias hasta el hogar u oficina de los clientes, atenci\u00f3n personalizada a trav\u00e9s de canales de mensajer\u00eda e incluso consultas a trav\u00e9s de videollamadas.&nbsp;<\/p>\n\n\n\n<p>Jos\u00e9 Luis de la Cruz, director del Instituto para el Desarrollo Industrial y el Crecimiento Econ\u00f3mico (IDIC), destaca que la COVID-19 provoc\u00f3 que los consumidores mexicanos se hicieran m\u00e1s <b>conscientes de su bienestar<\/b>, por lo que ve con optimismo el crecimiento del segmento enfocado en cuidar la salud mental, emocional y f\u00edsica de las personas durante 2022.&nbsp;<\/p>\n\n\n\n<p>La pandemia coloc\u00f3 el <b>cuidado personal y la salud mental<\/b> en la discusi\u00f3n p\u00fablica. En M\u00e9xico, al igual que el resto del mundo, las personas experimentaron cambios en su vida.&nbsp;<\/p>\n\n\n\n<blockquote class=\"wp-block-quote is-layout-flow wp-block-quote-is-layout-flow\"><p>La pandemia puso un mayor \u00e9nfasis en el bienestar de los trabajadores y de alguna manera de su familia. Las empresas dedicadas al giro est\u00e1n aprovechando la tendencia que lleg\u00f3 para quedarse, agrega.<\/p><\/blockquote>\n\n\n\n<div style=\"height:2px\" aria-hidden=\"true\" class=\"wp-block-spacer\"><\/div>\n\n\n\n<figure class=\"wp-block-image size-large\"><img fetchpriority=\"high\" decoding=\"async\" width=\"1024\" height=\"384\" src=\"https:\/\/scape.mx\/blog\/wp-content\/uploads\/2022\/06\/wellness_news_covid19-1-1024x384.png\" alt=\"\" class=\"wp-image-84\" srcset=\"https:\/\/scape.mx\/blog\/wp-content\/uploads\/2022\/06\/wellness_news_covid19-1-1024x384.png 1024w, https:\/\/scape.mx\/blog\/wp-content\/uploads\/2022\/06\/wellness_news_covid19-1-300x113.png 300w, https:\/\/scape.mx\/blog\/wp-content\/uploads\/2022\/06\/wellness_news_covid19-1-768x288.png 768w, https:\/\/scape.mx\/blog\/wp-content\/uploads\/2022\/06\/wellness_news_covid19-1-160x60.png 160w, https:\/\/scape.mx\/blog\/wp-content\/uploads\/2022\/06\/wellness_news_covid19-1.png 1280w\" sizes=\"(max-width: 1024px) 100vw, 1024px\" \/><figcaption>COVID SARS-19<\/figcaption><\/figure>\n\n\n\n<p>El valor de mercado de la industria de cuidado personal asciende a m\u00e1s de <strong>198 mil millones de pesos<\/strong>, revelan estimaciones de la C\u00e1mara Nacional de la Industria de Productos Cosm\u00e9ticos (Canipec).<\/p>\n\n\n\n<p>Adem\u00e1s del beneficio econ\u00f3mico, esta industria genera alrededor de 200 mil empleos directos e indirectos en todo el pa\u00eds.<\/p>\n\n\n\n<p class=\"has-large-font-size\"><strong>La salud mental mejora productividad<\/strong><\/p>\n\n\n\n<p>El Instituto Nacional de Salud Mental (NIMH, por sus siglas en ingl\u00e9s) destaca los beneficios que tienen los servicios y productos que procuran el <strong>bienestar emocional,<\/strong> psicol\u00f3gico y social.<\/p>\n\n\n\n<blockquote class=\"wp-block-quote is-layout-flow wp-block-quote-is-layout-flow\"><p>\u201cEl auto cuidado puede ayudar a controlar el estr\u00e9s, disminuir su riesgo de contraer enfermedades y aumentar el nivel de energ\u00eda\u201d, se lee en un informe del instituto.&nbsp;<\/p><\/blockquote>\n\n\n\n<p>La Organizaci\u00f3n Mundial de la Salud (OMS) pone al centro del an\u00e1lisis la salud mental y estima que el no atenderla genera un costo de <strong>1,000 millones de d\u00f3lares anuales<\/strong>.&nbsp;<\/p>\n\n\n\n<p>El papel que juega la industria del cuidado personal en la nueva normalidad es crucial. Los consumidores pueden encontrar una forma de lidiar con la tensi\u00f3n emocional haciendo uso de aceites de aromaterapia o con t\u00e9cnicas alternativas como <strong>masajes, musico terapia, ejercicios hasta tratamientos de belleza<\/strong>.<\/p>\n\n\n\n<div style=\"height:3px\" aria-hidden=\"true\" class=\"wp-block-spacer\"><\/div>\n\n\n\n<figure class=\"wp-block-gallery aligncenter has-nested-images columns-default is-cropped wp-block-gallery-1 is-layout-flex wp-block-gallery-is-layout-flex\">\n<figure class=\"wp-block-image size-large\"><a href=\"https:\/\/scape.mx\/\" rel=\"Wellness\"><img decoding=\"async\" width=\"1024\" height=\"782\" data-id=\"69\" src=\"https:\/\/scape.mx\/blog\/wp-content\/uploads\/2022\/06\/massage-1-1024x782.png\" alt=\"\" class=\"wp-image-69\" srcset=\"https:\/\/scape.mx\/blog\/wp-content\/uploads\/2022\/06\/massage-1-1024x782.png 1024w, https:\/\/scape.mx\/blog\/wp-content\/uploads\/2022\/06\/massage-1-300x229.png 300w, https:\/\/scape.mx\/blog\/wp-content\/uploads\/2022\/06\/massage-1-768x587.png 768w, https:\/\/scape.mx\/blog\/wp-content\/uploads\/2022\/06\/massage-1-79x60.png 79w, https:\/\/scape.mx\/blog\/wp-content\/uploads\/2022\/06\/massage-1.png 1280w\" sizes=\"(max-width: 1024px) 100vw, 1024px\" \/><\/a><\/figure>\n\n\n\n<figure class=\"wp-block-image size-large\"><img decoding=\"async\" width=\"1024\" height=\"782\" data-id=\"70\" src=\"https:\/\/scape.mx\/blog\/wp-content\/uploads\/2022\/06\/music-1-1024x782.png\" alt=\"\" class=\"wp-image-70\" srcset=\"https:\/\/scape.mx\/blog\/wp-content\/uploads\/2022\/06\/music-1-1024x782.png 1024w, https:\/\/scape.mx\/blog\/wp-content\/uploads\/2022\/06\/music-1-300x229.png 300w, https:\/\/scape.mx\/blog\/wp-content\/uploads\/2022\/06\/music-1-768x587.png 768w, https:\/\/scape.mx\/blog\/wp-content\/uploads\/2022\/06\/music-1-79x60.png 79w, https:\/\/scape.mx\/blog\/wp-content\/uploads\/2022\/06\/music-1.png 1280w\" sizes=\"(max-width: 1024px) 100vw, 1024px\" \/><\/figure>\n\n\n\n<figure class=\"wp-block-image size-large\"><a href=\"https:\/\/scape.mx\/scape-empresas\" rel=\"Skincare\"><img loading=\"lazy\" decoding=\"async\" width=\"1024\" height=\"782\" data-id=\"104\" src=\"https:\/\/scape.mx\/blog\/wp-content\/uploads\/2022\/06\/shiatsu-1-1024x782.png\" alt=\"\" class=\"wp-image-104\" srcset=\"https:\/\/scape.mx\/blog\/wp-content\/uploads\/2022\/06\/shiatsu-1-1024x782.png 1024w, https:\/\/scape.mx\/blog\/wp-content\/uploads\/2022\/06\/shiatsu-1-300x229.png 300w, https:\/\/scape.mx\/blog\/wp-content\/uploads\/2022\/06\/shiatsu-1-768x587.png 768w, https:\/\/scape.mx\/blog\/wp-content\/uploads\/2022\/06\/shiatsu-1-79x60.png 79w, https:\/\/scape.mx\/blog\/wp-content\/uploads\/2022\/06\/shiatsu-1.png 1280w\" sizes=\"(max-width: 1024px) 100vw, 1024px\" \/><\/a><\/figure>\n<\/figure>\n\n\n\n<div style=\"height:3px\" aria-hidden=\"true\" class=\"wp-block-spacer\"><\/div>\n\n\n\n<p>Jos\u00e9 Luis de la Cruz, director del IDIC, considera vital que los efectos secundarios que provoc\u00f3 la emergencia sanitaria en los colaboradores sean tratados con un enfoque integral por las organizaciones, pues hoy m\u00e1s mexicanos sufren estr\u00e9s, soledad y depresi\u00f3n.<\/p>\n\n\n\n<blockquote class=\"wp-block-quote is-layout-flow wp-block-quote-is-layout-flow\"><p>\u201cEn el regreso a la oficina hemos visto que muchas empresas se comprometieron con la implementaci\u00f3n de mecanismos que favorecen la <strong>salud mental<\/strong> y que complementan las necesidades de su plantilla laboral\u201d.<\/p><\/blockquote>\n\n\n\n<p><em><mark style=\"background-color:rgba(0, 0, 0, 0)\" class=\"has-inline-color has-vivid-cyan-blue-color\">Scape Staff<\/mark><\/em><\/p>\n\n\n\n<p class=\"has-small-font-size\"><strong>Enlaces consultados:<\/strong><\/p>\n\n\n\n<p class=\"has-text-align-left\" style=\"font-size:10px\"><a rel=\"noreferrer noopener\" href=\"https:\/\/www.gob.mx\/salud\/conadic\/documentos\/informe-sobre-la-situacion-de-la-salud-mental-y-el-consumo-de-sustancias-psicoactivas-en-mexico-2021?state=published\" target=\"_blank\">https:\/\/www.gob.mx\/salud\/conadic\/documentos\/informe-sobre-la-situacion-de-la-salud-mental-y-el-consumo-de-sustancias-psicoactivas-en-mexico-2021?state=published<\/a><\/p>\n\n\n\n<p style=\"font-size:10px\"><a rel=\"noreferrer noopener\" href=\"https:\/\/www.who.int\/es\/campaigns\/world-mental-health-day\/2021\" target=\"_blank\">https:\/\/www.who.int\/es\/campaigns\/world-mental-health-day\/2021<\/a><\/p>\n\n\n\n<p style=\"font-size:10px\"><a href=\"https:\/\/www.occ.com.mx\/blog\/estres-laboral-en-mexico\/\" target=\"_blank\" rel=\"noreferrer noopener\">https:\/\/www.occ.com.mx\/blog\/estres-laboral-en-mexico\/<\/a><\/p>\n\n\n\n<p style=\"font-size:10px\"><a href=\"https:\/\/medidassanitarias.covid19.cdmx.gob.mx\/storage\/lineamientos\/tipo_documento_1\/archivos\/archivo-344.pdf\" target=\"_blank\" rel=\"noreferrer noopener\">https:\/\/medidassanitarias.covid19.cdmx.gob.mx\/storage\/lineamientos\/tipo_documento_1\/archivos\/archivo-344.pdf<\/a><\/p>\n\n\n\n<p style=\"font-size:10px\"><a rel=\"noreferrer noopener\" href=\"https:\/\/home.kpmg\/pa\/es\/home\/campaigns\/2020\/08\/ceo-outlook-2020-covid-19-edicion-especial.html\" target=\"_blank\">https:\/\/home.kpmg\/pa\/es\/home\/campaigns\/2020\/08\/ceo-outlook-2020-covid-19-edicion-especial.html<\/a><\/p>\n\n\n\n<p style=\"font-size:10px\"><a href=\"https:\/\/www.nimh.nih.gov\/health\/topics\/espanol\/el-cuidado-de-su-salud-mental\/el-cuidado-de-su-salud-mental#:~:text=alguna%20enfermedad%20mental.-,Acerca%20del%20autocuidado,aumentar%20su%20nivel%20de%20energ%C3%ADa.\" target=\"_blank\" rel=\"noreferrer noopener\">https:\/\/www.nimh.nih.gov\/health\/topics\/espanol\/el-cuidado-de-su-salud-mental\/el-cuidado-de-su-salud-mental#:~:text=alguna%20enfermedad%20mental.-,Acerca%20del%20autocuidado,aumentar%20su%20nivel%20de%20energ%C3%ADa.<\/a><\/p>\n<!-- AddThis Advanced Settings generic via filter on the_content --><!-- AddThis Share Buttons generic via filter on the_content -->","protected":false},"excerpt":{"rendered":"<p>El sector del cuidado personal no solo tiene una aportaci\u00f3n importante para la econom\u00eda ni se dedica \u00fanicamente a embellecer, esta industria se convirti\u00f3 en una cura para contrarrestar el impacto negativo que provoc\u00f3 la pandemia en la salud mental de las personas. Te invitamos a leer este an\u00e1lisis. <!-- AddThis Advanced Settings generic via filter on get_the_excerpt --><!-- AddThis Share Buttons generic via filter on get_the_excerpt --><\/p>\n","protected":false},"author":2,"featured_media":114,"comment_status":"open","ping_status":"closed","sticky":false,"template":"","format":"standard","meta":{"footnotes":""},"categories":[1],"tags":[8,11,13,16,14,9,15,12,10],"class_list":["post-33","post","type-post","status-publish","format-standard","has-post-thumbnail","hentry","category-wellness","tag-bienestar","tag-covid","tag-emergencia-sanitaria","tag-empresas","tag-estres","tag-masaje","tag-mexicanos","tag-mexico","tag-wellness"],"yoast_head":"<!-- This site is optimized with the Yoast SEO plugin v19.7.1 - https:\/\/yoast.com\/wordpress\/plugins\/seo\/ -->\n<title>Salud mental: \u00bfpor qu\u00e9 es importante para el crecimiento econ\u00f3mico?<\/title>\n<meta name=\"description\" content=\"La b\u00fasqueda del bienestar personal motiv\u00f3 a las y los mexicanos a conseguir alternativas para enfrentar los cambios y mejorar la salud mental.\u00a0\" \/>\n<meta name=\"robots\" content=\"index, follow, max-snippet:-1, max-image-preview:large, max-video-preview:-1\" \/>\n<link rel=\"canonical\" href=\"https:\/\/scape.mx\/blog\/2022\/06\/09\/salud-mental-importancia-en-personas-economia\/\" \/>\n<meta property=\"og:locale\" content=\"es_ES\" \/>\n<meta property=\"og:type\" content=\"article\" \/>\n<meta property=\"og:title\" content=\"Salud mental: \u00bfpor qu\u00e9 es importante para el crecimiento econ\u00f3mico?\" \/>\n<meta property=\"og:description\" content=\"La b\u00fasqueda del bienestar personal motiv\u00f3 a las y los mexicanos a conseguir alternativas para enfrentar los cambios y mejorar la salud mental.\u00a0\" \/>\n<meta property=\"og:url\" content=\"https:\/\/scape.mx\/blog\/2022\/06\/09\/salud-mental-importancia-en-personas-economia\/\" \/>\n<meta property=\"og:site_name\" content=\"The business of wellness\" \/>\n<meta property=\"article:publisher\" content=\"https:\/\/www.facebook.com\/ScapeMasajesMX\/\" \/>\n<meta property=\"article:published_time\" content=\"2022-06-09T19:52:04+00:00\" \/>\n<meta property=\"article:modified_time\" content=\"2022-10-05T20:13:28+00:00\" \/>\n<meta property=\"og:image\" content=\"https:\/\/scape.mx\/blog\/wp-content\/uploads\/2022\/06\/Mind-wellness.png\" \/>\n\t<meta property=\"og:image:width\" content=\"1200\" \/>\n\t<meta property=\"og:image:height\" content=\"630\" \/>\n\t<meta property=\"og:image:type\" content=\"image\/png\" \/>\n<meta name=\"author\" content=\"Karla Gonz\u00e1lez\" \/>\n<meta name=\"twitter:card\" content=\"summary_large_image\" \/>\n<meta name=\"twitter:title\" content=\"El cuidado de la salud mental salva personas... y a la econom\u00eda\" \/>\n<meta name=\"twitter:description\" content=\"El sector del cuidado personal no solo tiene una aportaci\u00f3n importante para la econom\u00eda ni se dedica \u00fanicamente a embellecer, esta industria se convirti\u00f3 en una cura para contrarrestar el impacto negativo que provoc\u00f3 la pandemia en la salud mental de las personas. Te invitamos a leer este an\u00e1lisis.\" \/>\n<meta name=\"twitter:image\" content=\"https:\/\/scape.mx\/blog\/wp-content\/uploads\/2022\/06\/Mind-wellness.png\" \/>\n<meta name=\"twitter:label1\" content=\"Escrito por\" \/>\n\t<meta name=\"twitter:data1\" content=\"Karla Gonz\u00e1lez\" \/>\n\t<meta name=\"twitter:label2\" content=\"Tiempo de lectura\" \/>\n\t<meta name=\"twitter:data2\" content=\"4 minutos\" \/>\n<script type=\"application\/ld+json\" class=\"yoast-schema-graph\">{\"@context\":\"https:\/\/schema.org\",\"@graph\":[{\"@type\":\"Article\",\"@id\":\"https:\/\/scape.mx\/blog\/2022\/06\/09\/salud-mental-importancia-en-personas-economia\/#article\",\"isPartOf\":{\"@id\":\"https:\/\/scape.mx\/blog\/2022\/06\/09\/salud-mental-importancia-en-personas-economia\/\"},\"author\":{\"name\":\"Karla Gonz\u00e1lez\",\"@id\":\"https:\/\/scape.mx\/blog\/#\/schema\/person\/ce775acf0963e2d95f439df3972e13a8\"},\"headline\":\"\u00bfPor qu\u00e9 el cuidado de la salud mental es importante para el crecimiento econ\u00f3mico de M\u00e9xico?\",\"datePublished\":\"2022-06-09T19:52:04+00:00\",\"dateModified\":\"2022-10-05T20:13:28+00:00\",\"mainEntityOfPage\":{\"@id\":\"https:\/\/scape.mx\/blog\/2022\/06\/09\/salud-mental-importancia-en-personas-economia\/\"},\"wordCount\":658,\"commentCount\":0,\"publisher\":{\"@id\":\"https:\/\/scape.mx\/blog\/#organization\"},\"keywords\":[\"Bienestar\",\"covid\",\"emergencia sanitaria\",\"empresas\",\"estr\u00e9s\",\"masaje\",\"mexicanos\",\"m\u00e9xico\",\"wellness\"],\"articleSection\":[\"Wellness\"],\"inLanguage\":\"es\",\"potentialAction\":[{\"@type\":\"CommentAction\",\"name\":\"Comment\",\"target\":[\"https:\/\/scape.mx\/blog\/2022\/06\/09\/salud-mental-importancia-en-personas-economia\/#respond\"]}]},{\"@type\":\"WebPage\",\"@id\":\"https:\/\/scape.mx\/blog\/2022\/06\/09\/salud-mental-importancia-en-personas-economia\/\",\"url\":\"https:\/\/scape.mx\/blog\/2022\/06\/09\/salud-mental-importancia-en-personas-economia\/\",\"name\":\"Salud mental: \u00bfpor qu\u00e9 es importante para el crecimiento econ\u00f3mico?\",\"isPartOf\":{\"@id\":\"https:\/\/scape.mx\/blog\/#website\"},\"datePublished\":\"2022-06-09T19:52:04+00:00\",\"dateModified\":\"2022-10-05T20:13:28+00:00\",\"description\":\"La b\u00fasqueda del bienestar personal motiv\u00f3 a las y los mexicanos a conseguir alternativas para enfrentar los cambios y mejorar la salud mental.\u00a0\",\"breadcrumb\":{\"@id\":\"https:\/\/scape.mx\/blog\/2022\/06\/09\/salud-mental-importancia-en-personas-economia\/#breadcrumb\"},\"inLanguage\":\"es\",\"potentialAction\":[{\"@type\":\"ReadAction\",\"target\":[\"https:\/\/scape.mx\/blog\/2022\/06\/09\/salud-mental-importancia-en-personas-economia\/\"]}]},{\"@type\":\"BreadcrumbList\",\"@id\":\"https:\/\/scape.mx\/blog\/2022\/06\/09\/salud-mental-importancia-en-personas-economia\/#breadcrumb\",\"itemListElement\":[{\"@type\":\"ListItem\",\"position\":1,\"name\":\"Portada\",\"item\":\"https:\/\/scape.mx\/blog\/\"},{\"@type\":\"ListItem\",\"position\":2,\"name\":\"\u00bfPor qu\u00e9 el cuidado de la salud mental es importante para el crecimiento econ\u00f3mico de M\u00e9xico?\"}]},{\"@type\":\"WebSite\",\"@id\":\"https:\/\/scape.mx\/blog\/#website\",\"url\":\"https:\/\/scape.mx\/blog\/\",\"name\":\"The business of wellness\",\"description\":\"\",\"publisher\":{\"@id\":\"https:\/\/scape.mx\/blog\/#organization\"},\"potentialAction\":[{\"@type\":\"SearchAction\",\"target\":{\"@type\":\"EntryPoint\",\"urlTemplate\":\"https:\/\/scape.mx\/blog\/?s={search_term_string}\"},\"query-input\":\"required name=search_term_string\"}],\"inLanguage\":\"es\"},{\"@type\":\"Organization\",\"@id\":\"https:\/\/scape.mx\/blog\/#organization\",\"name\":\"Scape Wellness News\",\"url\":\"https:\/\/scape.mx\/blog\/\",\"sameAs\":[\"https:\/\/www.instagram.com\/scapemx\/\",\"https:\/\/www.facebook.com\/ScapeMasajesMX\/\"],\"logo\":{\"@type\":\"ImageObject\",\"inLanguage\":\"es\",\"@id\":\"https:\/\/scape.mx\/blog\/#\/schema\/logo\/image\/\",\"url\":\"https:\/\/scape.mx\/blog\/wp-content\/uploads\/2022\/06\/cropped-Scape_wellness_news_logo-3.png\",\"contentUrl\":\"https:\/\/scape.mx\/blog\/wp-content\/uploads\/2022\/06\/cropped-Scape_wellness_news_logo-3.png\",\"width\":526,\"height\":345,\"caption\":\"Scape Wellness News\"},\"image\":{\"@id\":\"https:\/\/scape.mx\/blog\/#\/schema\/logo\/image\/\"}},{\"@type\":\"Person\",\"@id\":\"https:\/\/scape.mx\/blog\/#\/schema\/person\/ce775acf0963e2d95f439df3972e13a8\",\"name\":\"Karla Gonz\u00e1lez\",\"image\":{\"@type\":\"ImageObject\",\"inLanguage\":\"es\",\"@id\":\"https:\/\/scape.mx\/blog\/#\/schema\/person\/image\/\",\"url\":\"https:\/\/secure.gravatar.com\/avatar\/d469975cf9438dff08309090ed92b62b6a423c0bd7ba020b35eb7e7d76515c26?s=96&d=mm&r=g\",\"contentUrl\":\"https:\/\/secure.gravatar.com\/avatar\/d469975cf9438dff08309090ed92b62b6a423c0bd7ba020b35eb7e7d76515c26?s=96&d=mm&r=g\",\"caption\":\"Karla Gonz\u00e1lez\"},\"url\":\"https:\/\/scape.mx\/blog\/author\/karla-gonzalez\/\"}]}<\/script>\n<!-- \/ Yoast SEO plugin. -->","yoast_head_json":{"title":"Salud mental: \u00bfpor qu\u00e9 es importante para el crecimiento econ\u00f3mico?","description":"La b\u00fasqueda del bienestar personal motiv\u00f3 a las y los mexicanos a conseguir alternativas para enfrentar los cambios y mejorar la salud mental.\u00a0","robots":{"index":"index","follow":"follow","max-snippet":"max-snippet:-1","max-image-preview":"max-image-preview:large","max-video-preview":"max-video-preview:-1"},"canonical":"https:\/\/scape.mx\/blog\/2022\/06\/09\/salud-mental-importancia-en-personas-economia\/","og_locale":"es_ES","og_type":"article","og_title":"Salud mental: \u00bfpor qu\u00e9 es importante para el crecimiento econ\u00f3mico?","og_description":"La b\u00fasqueda del bienestar personal motiv\u00f3 a las y los mexicanos a conseguir alternativas para enfrentar los cambios y mejorar la salud mental.\u00a0","og_url":"https:\/\/scape.mx\/blog\/2022\/06\/09\/salud-mental-importancia-en-personas-economia\/","og_site_name":"The business of wellness","article_publisher":"https:\/\/www.facebook.com\/ScapeMasajesMX\/","article_published_time":"2022-06-09T19:52:04+00:00","article_modified_time":"2022-10-05T20:13:28+00:00","og_image":[{"width":1200,"height":630,"url":"https:\/\/scape.mx\/blog\/wp-content\/uploads\/2022\/06\/Mind-wellness.png","type":"image\/png"}],"author":"Karla Gonz\u00e1lez","twitter_card":"summary_large_image","twitter_title":"El cuidado de la salud mental salva personas... y a la econom\u00eda","twitter_description":"El sector del cuidado personal no solo tiene una aportaci\u00f3n importante para la econom\u00eda ni se dedica \u00fanicamente a embellecer, esta industria se convirti\u00f3 en una cura para contrarrestar el impacto negativo que provoc\u00f3 la pandemia en la salud mental de las personas. Te invitamos a leer este an\u00e1lisis.","twitter_image":"https:\/\/scape.mx\/blog\/wp-content\/uploads\/2022\/06\/Mind-wellness.png","twitter_misc":{"Escrito por":"Karla Gonz\u00e1lez","Tiempo de lectura":"4 minutos"},"schema":{"@context":"https:\/\/schema.org","@graph":[{"@type":"Article","@id":"https:\/\/scape.mx\/blog\/2022\/06\/09\/salud-mental-importancia-en-personas-economia\/#article","isPartOf":{"@id":"https:\/\/scape.mx\/blog\/2022\/06\/09\/salud-mental-importancia-en-personas-economia\/"},"author":{"name":"Karla Gonz\u00e1lez","@id":"https:\/\/scape.mx\/blog\/#\/schema\/person\/ce775acf0963e2d95f439df3972e13a8"},"headline":"\u00bfPor qu\u00e9 el cuidado de la salud mental es importante para el crecimiento econ\u00f3mico de M\u00e9xico?","datePublished":"2022-06-09T19:52:04+00:00","dateModified":"2022-10-05T20:13:28+00:00","mainEntityOfPage":{"@id":"https:\/\/scape.mx\/blog\/2022\/06\/09\/salud-mental-importancia-en-personas-economia\/"},"wordCount":658,"commentCount":0,"publisher":{"@id":"https:\/\/scape.mx\/blog\/#organization"},"keywords":["Bienestar","covid","emergencia sanitaria","empresas","estr\u00e9s","masaje","mexicanos","m\u00e9xico","wellness"],"articleSection":["Wellness"],"inLanguage":"es","potentialAction":[{"@type":"CommentAction","name":"Comment","target":["https:\/\/scape.mx\/blog\/2022\/06\/09\/salud-mental-importancia-en-personas-economia\/#respond"]}]},{"@type":"WebPage","@id":"https:\/\/scape.mx\/blog\/2022\/06\/09\/salud-mental-importancia-en-personas-economia\/","url":"https:\/\/scape.mx\/blog\/2022\/06\/09\/salud-mental-importancia-en-personas-economia\/","name":"Salud mental: \u00bfpor qu\u00e9 es importante para el crecimiento econ\u00f3mico?","isPartOf":{"@id":"https:\/\/scape.mx\/blog\/#website"},"datePublished":"2022-06-09T19:52:04+00:00","dateModified":"2022-10-05T20:13:28+00:00","description":"La b\u00fasqueda del bienestar personal motiv\u00f3 a las y los mexicanos a conseguir alternativas para enfrentar los cambios y mejorar la salud mental.\u00a0","breadcrumb":{"@id":"https:\/\/scape.mx\/blog\/2022\/06\/09\/salud-mental-importancia-en-personas-economia\/#breadcrumb"},"inLanguage":"es","potentialAction":[{"@type":"ReadAction","target":["https:\/\/scape.mx\/blog\/2022\/06\/09\/salud-mental-importancia-en-personas-economia\/"]}]},{"@type":"BreadcrumbList","@id":"https:\/\/scape.mx\/blog\/2022\/06\/09\/salud-mental-importancia-en-personas-economia\/#breadcrumb","itemListElement":[{"@type":"ListItem","position":1,"name":"Portada","item":"https:\/\/scape.mx\/blog\/"},{"@type":"ListItem","position":2,"name":"\u00bfPor qu\u00e9 el cuidado de la salud mental es importante para el crecimiento econ\u00f3mico de M\u00e9xico?"}]},{"@type":"WebSite","@id":"https:\/\/scape.mx\/blog\/#website","url":"https:\/\/scape.mx\/blog\/","name":"The business of wellness","description":"","publisher":{"@id":"https:\/\/scape.mx\/blog\/#organization"},"potentialAction":[{"@type":"SearchAction","target":{"@type":"EntryPoint","urlTemplate":"https:\/\/scape.mx\/blog\/?s={search_term_string}"},"query-input":"required name=search_term_string"}],"inLanguage":"es"},{"@type":"Organization","@id":"https:\/\/scape.mx\/blog\/#organization","name":"Scape Wellness News","url":"https:\/\/scape.mx\/blog\/","sameAs":["https:\/\/www.instagram.com\/scapemx\/","https:\/\/www.facebook.com\/ScapeMasajesMX\/"],"logo":{"@type":"ImageObject","inLanguage":"es","@id":"https:\/\/scape.mx\/blog\/#\/schema\/logo\/image\/","url":"https:\/\/scape.mx\/blog\/wp-content\/uploads\/2022\/06\/cropped-Scape_wellness_news_logo-3.png","contentUrl":"https:\/\/scape.mx\/blog\/wp-content\/uploads\/2022\/06\/cropped-Scape_wellness_news_logo-3.png","width":526,"height":345,"caption":"Scape Wellness News"},"image":{"@id":"https:\/\/scape.mx\/blog\/#\/schema\/logo\/image\/"}},{"@type":"Person","@id":"https:\/\/scape.mx\/blog\/#\/schema\/person\/ce775acf0963e2d95f439df3972e13a8","name":"Karla Gonz\u00e1lez","image":{"@type":"ImageObject","inLanguage":"es","@id":"https:\/\/scape.mx\/blog\/#\/schema\/person\/image\/","url":"https:\/\/secure.gravatar.com\/avatar\/d469975cf9438dff08309090ed92b62b6a423c0bd7ba020b35eb7e7d76515c26?s=96&d=mm&r=g","contentUrl":"https:\/\/secure.gravatar.com\/avatar\/d469975cf9438dff08309090ed92b62b6a423c0bd7ba020b35eb7e7d76515c26?s=96&d=mm&r=g","caption":"Karla Gonz\u00e1lez"},"url":"https:\/\/scape.mx\/blog\/author\/karla-gonzalez\/"}]}},"_links":{"self":[{"href":"https:\/\/scape.mx\/blog\/wp-json\/wp\/v2\/posts\/33","targetHints":{"allow":["GET"]}}],"collection":[{"href":"https:\/\/scape.mx\/blog\/wp-json\/wp\/v2\/posts"}],"about":[{"href":"https:\/\/scape.mx\/blog\/wp-json\/wp\/v2\/types\/post"}],"author":[{"embeddable":true,"href":"https:\/\/scape.mx\/blog\/wp-json\/wp\/v2\/users\/2"}],"replies":[{"embeddable":true,"href":"https:\/\/scape.mx\/blog\/wp-json\/wp\/v2\/comments?post=33"}],"version-history":[{"count":24,"href":"https:\/\/scape.mx\/blog\/wp-json\/wp\/v2\/posts\/33\/revisions"}],"predecessor-version":[{"id":245,"href":"https:\/\/scape.mx\/blog\/wp-json\/wp\/v2\/posts\/33\/revisions\/245"}],"wp:featuredmedia":[{"embeddable":true,"href":"https:\/\/scape.mx\/blog\/wp-json\/wp\/v2\/media\/114"}],"wp:attachment":[{"href":"https:\/\/scape.mx\/blog\/wp-json\/wp\/v2\/media?parent=33"}],"wp:term":[{"taxonomy":"category","embeddable":true,"href":"https:\/\/scape.mx\/blog\/wp-json\/wp\/v2\/categories?post=33"},{"taxonomy":"post_tag","embeddable":true,"href":"https:\/\/scape.mx\/blog\/wp-json\/wp\/v2\/tags?post=33"}],"curies":[{"name":"wp","href":"https:\/\/api.w.org\/{rel}","templated":true}]}}